{"id":73,"date":"2018-07-17T23:07:23","date_gmt":"2018-07-17T23:07:23","guid":{"rendered":"https:\/\/www.theswingingkids.com\/?p=73"},"modified":"2019-12-02T20:03:48","modified_gmt":"2019-12-02T20:03:48","slug":"syntonisez-la-radio-suisse-the-swinging-kids-au-kiosque-de-la-musique","status":"publish","type":"post","link":"https:\/\/www.theswingingkids.com\/index.php\/2018\/07\/17\/syntonisez-la-radio-suisse-the-swinging-kids-au-kiosque-de-la-musique\/","title":{"rendered":"Live sur RTS \u00ab\u00a0La premi\u00e8re\u00a0\u00bb!"},"content":{"rendered":"<h3>The Swinging Kids invit\u00e9s de Jean-Marc Richard dans l&rsquo;\u00e9mission radio<br \/>\n\u00ab\u00a0Le Kisque \u00e0 Musiques\u00a0\u00bb<\/h3>\n<p>Le 18 ao\u00fbt \u00e0 11h &#8211; La1\u00e8re<\/p>\n<p><img loading=\"lazy\" decoding=\"async\" width=\"357\" height=\"446\" src=\"https:\/\/www.theswingingkids.com\/wp-content\/uploads\/2018\/07\/1ere.png\" alt=\"The Swinging Kids - Le kiosque \u00e0 Musiques\" srcset=\"https:\/\/www.theswingingkids.com\/wp-content\/uploads\/2018\/07\/1ere.png 357w, https:\/\/www.theswingingkids.com\/wp-content\/uploads\/2018\/07\/1ere-240x300.png 240w\" sizes=\"(max-width: 357px) 100vw, 357px\" \/><\/p>\n<p>Le <strong>18 ao\u00fbt prochain \u00e0 11h<\/strong>, nous serons les invit\u00e9s de <em><strong>Jean-Marc Richard<\/strong><\/em> dans sa c\u00e9l\u00e8bre \u00e9mission radio <em><strong>\u00ab\u00a0Le kiosque \u00e0 musiques\u00a0\u00bb<\/strong><\/em>, avant notre concert de l&rsquo;apr\u00e8s-midi du m\u00eame jour au festival de la <strong>F\u00eate du Bl\u00e9 et du Pain 2018<\/strong> \u00e0 Echallens.<\/p>\n<p><img loading=\"lazy\" decoding=\"async\" width=\"355\" height=\"451\" src=\"https:\/\/www.theswingingkids.com\/wp-content\/uploads\/2018\/07\/39183713_1912901705677769_6107307679456165888_n.png\" alt=\"\" srcset=\"https:\/\/www.theswingingkids.com\/wp-content\/uploads\/2018\/07\/39183713_1912901705677769_6107307679456165888_n.png 355w, https:\/\/www.theswingingkids.com\/wp-content\/uploads\/2018\/07\/39183713_1912901705677769_6107307679456165888_n-236x300.png 236w\" sizes=\"(max-width: 355px) 100vw, 355px\" \/><br \/>\n<img loading=\"lazy\" decoding=\"async\" width=\"357\" height=\"479\" src=\"https:\/\/www.theswingingkids.com\/wp-content\/uploads\/2018\/07\/39080818_1912901869011086_2777806004614594560_n.png\" alt=\"\" srcset=\"https:\/\/www.theswingingkids.com\/wp-content\/uploads\/2018\/07\/39080818_1912901869011086_2777806004614594560_n.png 357w, https:\/\/www.theswingingkids.com\/wp-content\/uploads\/2018\/07\/39080818_1912901869011086_2777806004614594560_n-224x300.png 224w\" sizes=\"(max-width: 357px) 100vw, 357px\" \/><\/p>\n<p style=\"text-align: center;\">Live sur La 1\u00e8re:<\/p>\n<p style=\"text-align: center;\"><a href=\"http:\/\/bit.ly\/Kiosque-a-musiques-Radio\">\u00a0http:\/\/bit.ly\/Kiosque-a-musiques-Radio<\/a><\/p>\n<p><iframe loading=\"lazy\" width=\"50\" height=\"28\" src=\"\/\/tp.srgssr.ch\/p\/srf\/embed?urn=urn:rts:audio:9754745&amp;start=\" allowfullscreen=\"allowfullscreen\" frameborder=\"0\" name=\"F\u00eate du Bl\u00e9 et du Pain 2018, en direct de la hall du Leb \u00e0\" echallens=\"\"><\/iframe><\/p>\n<p style=\"text-align: center;\">Ecoutez notre prestation live et nos interviews avec <strong>Jean-Marc<\/strong>, et si vous aimez notre musique, venez nous voir sur la sc\u00e8ne de l&rsquo;H\u00f4tel de Ville d&rsquo;Echallens \u00e0 18h!<\/p>\n","protected":false},"excerpt":{"rendered":"<p>The Swinging Kids invit\u00e9s de Jean-Marc Richard dans l&rsquo;\u00e9mission radio \u00ab\u00a0Le Kisque \u00e0 Musiques\u00a0\u00bb Le 18 ao\u00fbt \u00e0 11h &#8211; La1\u00e8re Le 18 ao\u00fbt prochain \u00e0 11h, nous serons les invit\u00e9s de Jean-Marc Richard dans sa c\u00e9l\u00e8bre \u00e9mission radio \u00ab\u00a0Le kiosque \u00e0 musiques\u00a0\u00bb, avant notre concert de l&rsquo;apr\u00e8s-midi du m\u00eame [&hellip;]<\/p>\n","protected":false},"author":2,"featured_media":739,"comment_status":"open","ping_status":"closed","sticky":false,"template":"","format":"standard","meta":{"_monsterinsights_skip_tracking":false,"_monsterinsights_sitenote_active":false,"_monsterinsights_sitenote_note":"","_monsterinsights_sitenote_category":0,"footnotes":""},"categories":[16,14,5,11],"tags":[],"class_list":["post-73","post","type-post","status-publish","format-standard","has-post-thumbnail","hentry","category-archive-2018","category-archives","category-interviews","category-trop-tard"],"_links":{"self":[{"href":"https:\/\/www.theswingingkids.com\/index.php\/wp-json\/wp\/v2\/posts\/73"}],"collection":[{"href":"https:\/\/www.theswingingkids.com\/index.php\/wp-json\/wp\/v2\/posts"}],"about":[{"href":"https:\/\/www.theswingingkids.com\/index.php\/wp-json\/wp\/v2\/types\/post"}],"author":[{"embeddable":true,"href":"https:\/\/www.theswingingkids.com\/index.php\/wp-json\/wp\/v2\/users\/2"}],"replies":[{"embeddable":true,"href":"https:\/\/www.theswingingkids.com\/index.php\/wp-json\/wp\/v2\/comments?post=73"}],"version-history":[{"count":11,"href":"https:\/\/www.theswingingkids.com\/index.php\/wp-json\/wp\/v2\/posts\/73\/revisions"}],"predecessor-version":[{"id":1221,"href":"https:\/\/www.theswingingkids.com\/index.php\/wp-json\/wp\/v2\/posts\/73\/revisions\/1221"}],"wp:featuredmedia":[{"embeddable":true,"href":"https:\/\/www.theswingingkids.com\/index.php\/wp-json\/wp\/v2\/media\/739"}],"wp:attachment":[{"href":"https:\/\/www.theswingingkids.com\/index.php\/wp-json\/wp\/v2\/media?parent=73"}],"wp:term":[{"taxonomy":"category","embeddable":true,"href":"https:\/\/www.theswingingkids.com\/index.php\/wp-json\/wp\/v2\/categories?post=73"},{"taxonomy":"post_tag","embeddable":true,"href":"https:\/\/www.theswingingkids.com\/index.php\/wp-json\/wp\/v2\/tags?post=73"}],"curies":[{"name":"wp","href":"https:\/\/api.w.org\/{rel}","templated":true}]}}